{"id":53203,"global_id":"www.kbr.be\/fr\/?id=53203","global_id_lineage":["www.kbr.be\/fr\/?id=53203"],"author":"35","status":"publish","date":"2025-09-24 17:09:52","date_utc":"2025-09-24 15:09:52","modified":"2026-01-27 10:31:27","modified_utc":"2026-01-27 09:31:27","url":"https:\/\/www.kbr.be\/fr\/evenement\/concert-de-midi-classe-de-musique-de-chambre-crb\/","rest_url":"https:\/\/www.kbr.be\/fr\/wp-json\/tribe\/events\/v1\/events\/53203","title":"Concert de midi : Classe de musique de chambre CrB [COMPLET]","description":"<h4><strong>Coordination\u00a0<\/strong><\/h4>\n<p>Jean-Marc Fessard<\/p>\n<h4><strong>Programme<\/strong><\/h4>\n<p>Programme \u00e0 confirmer, dont une oeuvre des collections KBR<\/p>\n<p>&nbsp;<\/p>\n<h4><strong>Tickets<\/strong><\/h4>\n<p>Pour chaque concert, m\u00eame gratuit, l&rsquo;acc\u00e8s \u00e0 la salle de concert ne sera possible que sur pr\u00e9sentation d&rsquo;un ticket.<\/p>\n<p>Achetez vos tickets en ligne pour \u00eatre s\u00fbr d\u2019avoir une place. Vous pouvez aussi acheter vos tickets au comptoir d\u2019accueil de KBR.<\/p>\n\n\t\t<a href=\"https:\/\/webshopkbr.recreatex.be\/Exhibitions\/Register?shop=421A83AB-E2E7-4088-86A7-4D4DA4FE8A42&#038;id=0617cfcc-3d87-f011-a003-ff7efc20774c&#038;language=fr\" target=\"_blank\" class=\"btn btn-shortcode btn-primary btn-lg\">\n\t\t\tAchetez votre ticket\t\t<\/a>","excerpt":"","slug":"concert-de-midi-classe-de-musique-de-chambre-crb","image":{"url":"https:\/\/www.kbr.be\/wp-content\/uploads\/2025\/09\/musiquedechambrealabibliothequeroyale-6fev2026.jpeg","id":53204,"extension":"jpeg","width":2048,"height":1366,"filesize":122033,"sizes":{"medium":{"width":300,"height":200,"mime-type":"image\/jpeg","filesize":23531,"url":"https:\/\/www.kbr.be\/wp-content\/uploads\/2025\/09\/musiquedechambrealabibliothequeroyale-6fev2026-300x200.jpeg"},"large":{"width":1024,"height":683,"mime-type":"image\/jpeg","filesize":53035,"url":"https:\/\/www.kbr.be\/wp-content\/uploads\/2025\/09\/musiquedechambrealabibliothequeroyale-6fev2026-1024x683.jpeg"},"thumbnail":{"width":150,"height":150,"mime-type":"image\/jpeg","filesize":20546,"url":"https:\/\/www.kbr.be\/wp-content\/uploads\/2025\/09\/musiquedechambrealabibliothequeroyale-6fev2026-150x150.jpeg"},"medium_large":{"width":768,"height":512,"mime-type":"image\/jpeg","filesize":40698,"url":"https:\/\/www.kbr.be\/wp-content\/uploads\/2025\/09\/musiquedechambrealabibliothequeroyale-6fev2026-768x512.jpeg"},"1536x1536":{"width":1536,"height":1025,"mime-type":"image\/jpeg","filesize":83867,"url":"https:\/\/www.kbr.be\/wp-content\/uploads\/2025\/09\/musiquedechambrealabibliothequeroyale-6fev2026-1536x1025.jpeg"},"thumbnail-12-cols-classic":{"width":1350,"height":635,"mime-type":"image\/jpeg","filesize":59293,"url":"https:\/\/www.kbr.be\/wp-content\/uploads\/2025\/09\/musiquedechambrealabibliothequeroyale-6fev2026-1350x635.jpeg"},"thumbnail-6-6-cols-classic":{"width":880,"height":504,"mime-type":"image\/jpeg","filesize":42654,"url":"https:\/\/www.kbr.be\/wp-content\/uploads\/2025\/09\/musiquedechambrealabibliothequeroyale-6fev2026-880x504.jpeg"},"thumbnail-4-4-4-cols-classic":{"width":700,"height":500,"mime-type":"image\/jpeg","filesize":38897,"url":"https:\/\/www.kbr.be\/wp-content\/uploads\/2025\/09\/musiquedechambrealabibliothequeroyale-6fev2026-700x500.jpeg"},"thumbnail-3-3-3-3-cols-classic":{"width":550,"height":390,"mime-type":"image\/jpeg","filesize":32367,"url":"https:\/\/www.kbr.be\/wp-content\/uploads\/2025\/09\/musiquedechambrealabibliothequeroyale-6fev2026-550x390.jpeg"},"thumbnail-12-cols-lateral":{"width":700,"height":520,"mime-type":"image\/jpeg","filesize":39417,"url":"https:\/\/www.kbr.be\/wp-content\/uploads\/2025\/09\/musiquedechambrealabibliothequeroyale-6fev2026-700x520.jpeg"},"thumbnail-6-6-cols-lateral":{"width":550,"height":650,"mime-type":"image\/jpeg","filesize":40599,"url":"https:\/\/www.kbr.be\/wp-content\/uploads\/2025\/09\/musiquedechambrealabibliothequeroyale-6fev2026-550x650.jpeg"},"thumbnail-6-6-cols-masonry":{"width":800,"height":534,"mime-type":"image\/jpeg","filesize":42238,"url":"https:\/\/www.kbr.be\/wp-content\/uploads\/2025\/09\/musiquedechambrealabibliothequeroyale-6fev2026-800x534.jpeg"},"hero-thumbnail":{"width":605,"height":860,"mime-type":"image\/jpeg","filesize":48938,"url":"https:\/\/www.kbr.be\/wp-content\/uploads\/2025\/09\/musiquedechambrealabibliothequeroyale-6fev2026-605x860.jpeg"},"custom-header":{"width":1800,"height":650,"mime-type":"image\/jpeg","filesize":69597,"url":"https:\/\/www.kbr.be\/wp-content\/uploads\/2025\/09\/musiquedechambrealabibliothequeroyale-6fev2026-1800x650.jpeg"},"portrait":{"width":460,"height":535,"mime-type":"image\/jpeg","filesize":34871,"url":"https:\/\/www.kbr.be\/wp-content\/uploads\/2025\/09\/musiquedechambrealabibliothequeroyale-6fev2026-460x535.jpeg"},"menu-24x24":{"width":24,"height":16,"mime-type":"image\/jpeg","filesize":17778,"url":"https:\/\/www.kbr.be\/wp-content\/uploads\/2025\/09\/musiquedechambrealabibliothequeroyale-6fev2026-24x16.jpeg"},"menu-36x36":{"width":36,"height":24,"mime-type":"image\/jpeg","filesize":17895,"url":"https:\/\/www.kbr.be\/wp-content\/uploads\/2025\/09\/musiquedechambrealabibliothequeroyale-6fev2026-36x24.jpeg"},"menu-48x48":{"width":48,"height":32,"mime-type":"image\/jpeg","filesize":17998,"url":"https:\/\/www.kbr.be\/wp-content\/uploads\/2025\/09\/musiquedechambrealabibliothequeroyale-6fev2026-48x32.jpeg"}}},"all_day":false,"start_date":"2026-02-06 12:30:00","start_date_details":{"year":"2026","month":"02","day":"06","hour":"12","minutes":"30","seconds":"00"},"end_date":"2026-02-06 13:30:00","end_date_details":{"year":"2026","month":"02","day":"06","hour":"13","minutes":"30","seconds":"00"},"utc_start_date":"2026-02-06 11:30:00","utc_start_date_details":{"year":"2026","month":"02","day":"06","hour":"11","minutes":"30","seconds":"00"},"utc_end_date":"2026-02-06 12:30:00","utc_end_date_details":{"year":"2026","month":"02","day":"06","hour":"12","minutes":"30","seconds":"00"},"timezone":"Europe\/Brussels","timezone_abbr":"CET","cost":"Gratuit","cost_details":{"currency_symbol":"\u20ac","currency_code":"USD","currency_position":"suffix","values":["0"]},"website":"","show_map":false,"show_map_link":true,"hide_from_listings":false,"sticky":false,"featured":false,"categories":[{"name":"Concert","slug":"concerts","term_group":0,"term_taxonomy_id":214,"taxonomy":"tribe_events_cat","description":"","parent":0,"count":15,"filter":"raw","id":214,"urls":{"self":"https:\/\/www.kbr.be\/fr\/wp-json\/tribe\/events\/v1\/categories\/214","collection":"https:\/\/www.kbr.be\/fr\/wp-json\/tribe\/events\/v1\/categories"}}],"tags":[{"name":"Concerts de midi","slug":"concerts-de-midi","term_group":0,"term_taxonomy_id":1427,"taxonomy":"post_tag","description":"","parent":0,"count":7,"filter":"raw","id":1427,"urls":{"self":"https:\/\/www.kbr.be\/fr\/wp-json\/tribe\/events\/v1\/tags\/1427","collection":"https:\/\/www.kbr.be\/fr\/wp-json\/tribe\/events\/v1\/tags"}}],"venue":{"id":1787,"author":"1","status":"publish","date":"2018-10-10 10:56:15","date_utc":"2018-10-10 08:56:15","modified":"2024-11-21 10:39:41","modified_utc":"2024-11-21 09:39:41","url":"https:\/\/www.kbr.be\/fr\/lieu\/concert\/","venue":"Concert","description":"<p>La salle \u2018Concert\u2019, aussi appel\u00e9 \u2018Auditorium De Greef\u2019 en l\u2019honneur du compositeur belge Arthur De Greef, est situ\u00e9e \u00e0 c\u00f4t\u00e9 de la prestigieuse section de la Musique de KBR. Cet auditorium, en plus d\u2019\u00eatre une excellente salle de concert, offre un cadre agr\u00e9able pour des pr\u00e9sentations ou \u00e9v\u00e9nements culturels divers.<\/p>\n<p style=\"text-align: center;\">\n\t\t<a href=\"https:\/\/www.kbr.be\/fr\/contact\/\" target=\"_blank\" class=\"btn btn-shortcode btn-primary btn-sm\">\n\t\t\tR\u00e9servez cet espace\t\t<\/a>\n\n\t\t<\/p>\n<div class=\"container mb-5 mt-5\">\n<div class=\"tribe-venue-description tribe-events-content pl-md-3 pl-lg-5\">\n<p>&nbsp;<\/p>\n<div id='gallery-1' class='gallery galleryid-0 gallery-columns-3 gallery-size-thumbnail'><figure class='gallery-item'>\n\t\t\t<div class='gallery-icon landscape'>\n\t\t\t\t<a href='https:\/\/www.kbr.be\/fr\/lieu\/concert\/kbr-meeting-rooms-12-2\/'><img loading=\"lazy\" decoding=\"async\" width=\"150\" height=\"150\" src=\"https:\/\/www.kbr.be\/wp-content\/uploads\/2018\/10\/first-batch-kbr-457-websize-150x150.jpg\" class=\"attachment-thumbnail size-thumbnail\" alt=\"Salle Concert avec piano, estrade, table, chaises, \u00e9cran et si\u00e8ges\" \/><\/a>\n\t\t\t<\/div><\/figure><figure class='gallery-item'>\n\t\t\t<div class='gallery-icon landscape'>\n\t\t\t\t<a href='https:\/\/www.kbr.be\/fr\/lieu\/concert\/kbr-meeting-rooms-6-2\/'><img loading=\"lazy\" decoding=\"async\" width=\"150\" height=\"150\" src=\"https:\/\/www.kbr.be\/wp-content\/uploads\/2018\/10\/first-batch-kbr-451-websize-150x150.jpg\" class=\"attachment-thumbnail size-thumbnail\" alt=\"Salle Concert avec estrade, table, chaises, \u00e9cran et si\u00e8ges\" \/><\/a>\n\t\t\t<\/div><\/figure><figure class='gallery-item'>\n\t\t\t<div class='gallery-icon landscape'>\n\t\t\t\t<a href='https:\/\/www.kbr.be\/fr\/lieu\/concert\/kbr-meeting-rooms-7-2\/'><img loading=\"lazy\" decoding=\"async\" width=\"150\" height=\"150\" src=\"https:\/\/www.kbr.be\/wp-content\/uploads\/2018\/10\/first-batch-kbr-452-websize-150x150.jpg\" class=\"attachment-thumbnail size-thumbnail\" alt=\"Salle Concert avec estrade, table, chaises, et si\u00e8ges\" \/><\/a>\n\t\t\t<\/div><\/figure>\n\t\t<\/div>\n\n<p>&nbsp;<\/p>\n<h3>En pratique<\/h3>\n<ul>\n<li>Capacit\u00e9: 130 pax<\/li>\n<li>Superficie: 137 m<sup>2<\/sup><\/li>\n<li>Dimensions: 11,8 x 14,6 m<\/li>\n<li>\u00c9quipement multim\u00e9dia et wifi<\/li>\n<li>Accessible aux personnes \u00e0 mobilit\u00e9 r\u00e9duite<\/li>\n<\/ul>\n<p>&nbsp;<\/p>\n<h3><strong>Tarifs<\/strong><\/h3>\n<\/div>\n<\/div>\n<table style=\"border-collapse: collapse; width: 52.2571%; height: 143px;\" border=\"1\">\n<tbody>\n<tr style=\"height: 24px;\">\n<td style=\"width: 24.8475%; height: 24px;\"><\/td>\n<td style=\"width: 15.5155%; height: 24px;\">Semaine<\/td>\n<td style=\"width: 11.8941%; height: 24px;\">Weekend<\/td>\n<\/tr>\n<tr style=\"height: 24px;\">\n<td style=\"width: 24.8475%; height: 24px;\">Journ\u00e9e compl\u00e8te<\/td>\n<td style=\"width: 15.5155%; height: 24px;\">612<\/td>\n<td style=\"width: 11.8941%; height: 24px;\">\u20ac918<\/td>\n<\/tr>\n<tr style=\"height: 24px;\">\n<td style=\"width: 24.8475%; height: 24px;\">Demi-journ\u00e9e<\/td>\n<td style=\"width: 15.5155%; height: 24px;\">\u20ac382<\/td>\n<td style=\"width: 11.8941%; height: 24px;\">\u20ac575<\/td>\n<\/tr>\n<tr style=\"height: 24px;\">\n<td style=\"width: 24.8475%; height: 24px;\">Heure suppl\u00e9mentaire<\/td>\n<td style=\"width: 15.5155%; height: 24px;\">\u20ac92<\/td>\n<td style=\"width: 11.8941%; height: 24px;\">\u20ac138<\/td>\n<\/tr>\n<tr style=\"height: 24px;\">\n<td style=\"width: 24.8475%; height: 24px;\">Forfait nettoyage<\/td>\n<td style=\"height: 24px; width: 27.4096%;\" colspan=\"2\">\u20ac100\/jour<\/td>\n<\/tr>\n<tr style=\"height: 23px;\">\n<td style=\"width: 24.8475%; height: 23px;\">Technicien<\/td>\n<td style=\"width: 27.4096%; height: 23px;\" colspan=\"2\">\u20ac45\/heure<\/td>\n<\/tr>\n<\/tbody>\n<\/table>\n<p>&nbsp;<\/p>","slug":"concert","image":{"url":"https:\/\/www.kbr.be\/wp-content\/uploads\/2018\/10\/first-batch-kbr-449-websize.jpg","id":23954,"extension":"jpg","width":1600,"height":1067,"sizes":{"medium":{"width":300,"height":200,"mime-type":"image\/jpeg","url":"https:\/\/www.kbr.be\/wp-content\/uploads\/2018\/10\/first-batch-kbr-449-websize-300x200.jpg"},"large":{"width":1024,"height":683,"mime-type":"image\/jpeg","url":"https:\/\/www.kbr.be\/wp-content\/uploads\/2018\/10\/first-batch-kbr-449-websize-1024x683.jpg"},"thumbnail":{"width":150,"height":150,"mime-type":"image\/jpeg","url":"https:\/\/www.kbr.be\/wp-content\/uploads\/2018\/10\/first-batch-kbr-449-websize-150x150.jpg"},"medium_large":{"width":768,"height":512,"mime-type":"image\/jpeg","url":"https:\/\/www.kbr.be\/wp-content\/uploads\/2018\/10\/first-batch-kbr-449-websize-768x512.jpg"},"1536x1536":{"width":1536,"height":1024,"mime-type":"image\/jpeg","url":"https:\/\/www.kbr.be\/wp-content\/uploads\/2018\/10\/first-batch-kbr-449-websize-1536x1024.jpg"},"thumbnail-12-cols-classic":{"width":1350,"height":635,"mime-type":"image\/jpeg","url":"https:\/\/www.kbr.be\/wp-content\/uploads\/2018\/10\/first-batch-kbr-449-websize-1350x635.jpg"},"thumbnail-6-6-cols-classic":{"width":880,"height":504,"mime-type":"image\/jpeg","url":"https:\/\/www.kbr.be\/wp-content\/uploads\/2018\/10\/first-batch-kbr-449-websize-880x504.jpg"},"thumbnail-4-4-4-cols-classic":{"width":700,"height":500,"mime-type":"image\/jpeg","url":"https:\/\/www.kbr.be\/wp-content\/uploads\/2018\/10\/first-batch-kbr-449-websize-700x500.jpg"},"thumbnail-3-3-3-3-cols-classic":{"width":550,"height":390,"mime-type":"image\/jpeg","url":"https:\/\/www.kbr.be\/wp-content\/uploads\/2018\/10\/first-batch-kbr-449-websize-550x390.jpg"},"thumbnail-12-cols-lateral":{"width":700,"height":520,"mime-type":"image\/jpeg","url":"https:\/\/www.kbr.be\/wp-content\/uploads\/2018\/10\/first-batch-kbr-449-websize-700x520.jpg"},"thumbnail-6-6-cols-lateral":{"width":550,"height":650,"mime-type":"image\/jpeg","url":"https:\/\/www.kbr.be\/wp-content\/uploads\/2018\/10\/first-batch-kbr-449-websize-550x650.jpg"},"thumbnail-6-6-cols-masonry":{"width":800,"height":534,"mime-type":"image\/jpeg","url":"https:\/\/www.kbr.be\/wp-content\/uploads\/2018\/10\/first-batch-kbr-449-websize-800x534.jpg"},"hero-thumbnail":{"width":605,"height":860,"mime-type":"image\/jpeg","url":"https:\/\/www.kbr.be\/wp-content\/uploads\/2018\/10\/first-batch-kbr-449-websize-605x860.jpg"},"custom-header":{"width":1800,"height":650,"mime-type":"image\/jpeg","url":"https:\/\/www.kbr.be\/wp-content\/uploads\/2018\/10\/first-batch-kbr-449-websize-1800x650.jpg"},"portrait":{"width":460,"height":535,"mime-type":"image\/jpeg","url":"https:\/\/www.kbr.be\/wp-content\/uploads\/2018\/10\/first-batch-kbr-449-websize-460x535.jpg"},"menu-24x24":{"width":24,"height":16,"mime-type":"image\/jpeg","url":"https:\/\/www.kbr.be\/wp-content\/uploads\/2018\/10\/first-batch-kbr-449-websize-24x16.jpg"},"menu-36x36":{"width":36,"height":24,"mime-type":"image\/jpeg","url":"https:\/\/www.kbr.be\/wp-content\/uploads\/2018\/10\/first-batch-kbr-449-websize-36x24.jpg"},"menu-48x48":{"width":48,"height":32,"mime-type":"image\/jpeg","url":"https:\/\/www.kbr.be\/wp-content\/uploads\/2018\/10\/first-batch-kbr-449-websize-48x32.jpg"}}},"address":"Mont des Arts 28","city":"Bruxelles","country":"Belgium","zip":"1000","json_ld":{"@type":"Place","name":"Concert","description":"&lt;p&gt;La salle \u2018Concert\u2019, aussi appel\u00e9 \u2018Auditorium De Greef\u2019 en l\u2019honneur du compositeur belge Arthur De Greef, [&hellip;]&lt;\/p&gt;\\n","image":"https:\/\/www.kbr.be\/wp-content\/uploads\/2018\/10\/first-batch-kbr-449-websize.jpg","url":"https:\/\/www.kbr.be\/fr\/lieu\/concert\/","address":{"@type":"PostalAddress","streetAddress":"Mont des Arts 28","addressLocality":"Bruxelles","postalCode":"1000","addressCountry":"Belgium"},"telephone":"","sameAs":""},"show_map":false,"show_map_link":false,"global_id":"www.kbr.be\/fr\/?id=1787","global_id_lineage":["www.kbr.be\/fr\/?id=1787"]},"organizer":[],"custom_fields":[],"json_ld":{"@context":"http:\/\/schema.org","@type":"Event","name":"Concert de midi : Classe de musique de chambre CrB [COMPLET]","description":"&lt;p&gt;Coordination\u00a0 Jean-Marc Fessard Programme Programme \u00e0 confirmer, dont une oeuvre des collections KBR &nbsp; Tickets Pour [&hellip;]&lt;\/p&gt;\\n","image":"https:\/\/www.kbr.be\/wp-content\/uploads\/2025\/09\/musiquedechambrealabibliothequeroyale-6fev2026.jpeg","url":"https:\/\/www.kbr.be\/fr\/evenement\/concert-de-midi-classe-de-musique-de-chambre-crb\/","eventAttendanceMode":"https:\/\/schema.org\/OfflineEventAttendanceMode","eventStatus":"https:\/\/schema.org\/EventScheduled","startDate":"2026-02-06T12:30:00+01:00","endDate":"2026-02-06T13:30:00+01:00","location":{"@type":"Place","name":"Concert","description":"&lt;p&gt;La salle \u2018Concert\u2019, aussi appel\u00e9 \u2018Auditorium De Greef\u2019 en l\u2019honneur du compositeur belge Arthur De Greef, [&hellip;]&lt;\/p&gt;\\n","image":"https:\/\/www.kbr.be\/wp-content\/uploads\/2018\/10\/first-batch-kbr-449-websize.jpg","url":"https:\/\/www.kbr.be\/fr\/lieu\/concert\/","address":{"@type":"PostalAddress","streetAddress":"Mont des Arts 28","addressLocality":"Bruxelles","postalCode":"1000","addressCountry":"Belgium"},"telephone":"","sameAs":""},"offers":{"@type":"Offer","price":"0","priceCurrency":"USD","url":"https:\/\/www.kbr.be\/fr\/evenement\/concert-de-midi-classe-de-musique-de-chambre-crb\/","category":"primary","availability":"inStock","validFrom":"1970-01-01T00:00:00+00:00"},"performer":"Organization"},"is_virtual":false,"virtual_url":null,"virtual_video_source":""}